{"id":8560,"date":"2026-04-28T13:18:25","date_gmt":"2026-04-28T13:18:25","guid":{"rendered":"https:\/\/www.anselmcr.com\/?p=8560"},"modified":"2026-04-29T14:53:42","modified_gmt":"2026-04-29T14:53:42","slug":"article-14-construccions-i-reformes-anselm","status":"publish","type":"post","link":"https:\/\/www.anselmcr.com\/cast\/article-14-construccions-i-reformes-anselm\/","title":{"rendered":"Reformes accessibles: adaptar habitatges per a persones grans o amb mobilitat redu\u00efda."},"content":{"rendered":"<p>L\u2019adaptaci\u00f3 dels habitatges per a persones grans o amb mobilitat redu\u00efda s\u2019ha convertit en una necessitat cada vegada m\u00e9s important. Apostar per reformes accessibles no nom\u00e9s millora la qualitat de vida, sin\u00f3 que tamb\u00e9 incrementa el valor de l\u2019immoble i garanteix seguretat i autonomia dins la llar. En aquest article t\u2019expliquem com fer una reforma accessible, quins elements s\u00f3n clau i com optimitzar cada espai perqu\u00e8 sigui funcional, c\u00f2mode i segur.<\/p>\n\n\n\n<p><strong>Per qu\u00e8 apostar per una reforma accessible a casa?<\/strong><\/p>\n\n\n\n<p>Les reformes accessibles tenen com a objectiu eliminar barreres arquitect\u00f2niques i facilitar el dia a dia de les persones amb dificultats de mobilitat. Aquest tipus d\u2019adaptacions no nom\u00e9s s\u00f3n \u00fatils en situacions actuals, sin\u00f3 que tamb\u00e9 permeten anticipar necessitats futures, fent que l\u2019habitatge sigui m\u00e9s vers\u00e0til i durador.<\/p>\n\n\n\n<p>A m\u00e9s, una casa adaptada millora la seguretat, reduint riscos de caigudes o accidents, especialment en zones com el bany o les escales. A Construccions i Reformes Anselm treballem amb un enfocament integral per adaptar cada projecte a les necessitats reals dels nostres clients, garantint funcionalitat i est\u00e8tica.<\/p>\n\n\n\n<p><strong>Banys adaptats: seguretat i comoditat en el dia a dia.<\/strong><\/p>\n\n\n\n<p>El bany \u00e9s una de les estances m\u00e9s importants a l\u2019hora de fer una reforma accessible. \u00c9s tamb\u00e9 una de les zones amb m\u00e9s risc d\u2019accidents, per aix\u00f2 cal posar especial atenci\u00f3 en el seu disseny.<\/p>\n\n\n\n<p>Algunes de les solucions m\u00e9s eficients inclouen:<\/p>\n\n\n\n<ul class=\"wp-block-list\">\n<li>Substituci\u00f3 de banyeres per plats de dutxa a nivell de terra<\/li>\n\n\n\n<li>Instal\u00b7laci\u00f3 de barres de suport i passamans<\/li>\n\n\n\n<li>Paviments antilliscants<\/li>\n\n\n\n<li>Lavabos suspesos i adaptats a l\u2019al\u00e7ada adequada<\/li>\n\n\n\n<li>Aixetes monocomandament o amb sensor<\/li>\n<\/ul>\n\n\n\n<p>Aquestes adaptacions permeten una major autonomia i seguretat, especialment per a persones grans. A m\u00e9s, el disseny actual permet integrar aquests elements sense renunciar a una est\u00e8tica moderna i cuidada.<\/p>\n\n\n\n<p><strong>Eliminaci\u00f3 de barreres arquitect\u00f2niques.<\/strong><\/p>\n\n\n\n<p>Un dels pilars fonamentals de les reformes accessibles \u00e9s eliminar qualsevol obstacle que dificulti la mobilitat dins l\u2019habitatge. Aix\u00f2 inclou tant espais interiors com accessos exteriors.<\/p>\n\n\n\n<p>Algunes millores clau s\u00f3n:<\/p>\n\n\n\n<ul class=\"wp-block-list\">\n<li>Eliminaci\u00f3 de graons i desnivells<\/li>\n\n\n\n<li>Ampliaci\u00f3 de portes i passadissos<\/li>\n\n\n\n<li>Instal\u00b7laci\u00f3 de portes corredisses<\/li>\n\n\n\n<li>Paviments continus sense obstacles<\/li>\n<\/ul>\n\n\n\n<p>Aquest tipus de reformes permeten una millor circulaci\u00f3, especialment per a persones amb cadira de rodes o mobilitat redu\u00efda. A m\u00e9s, tamb\u00e9 contribueixen a crear espais m\u00e9s amplis i lluminosos.<\/p>\n\n\n\n<p><strong>Rampes i accessos adaptats.<\/strong><\/p>\n\n\n\n<p>L\u2019acc\u00e9s a l\u2019habitatge \u00e9s un altre aspecte essencial. Les rampes s\u00f3n una soluci\u00f3 efica\u00e7 per substituir escales i facilitar l\u2019entrada i sortida de la llar.<\/p>\n\n\n\n<p>Per garantir una correcta instal\u00b7laci\u00f3, cal tenir en compte:<\/p>\n\n\n\n<ul class=\"wp-block-list\">\n<li>La inclinaci\u00f3 adequada de la rampa<\/li>\n\n\n\n<li>Superf\u00edcies antilliscants<\/li>\n\n\n\n<li>Baranes de seguretat<\/li>\n\n\n\n<li>Amplada suficient per al pas c\u00f2mode<\/li>\n<\/ul>\n\n\n\n<p>Aquestes adaptacions s\u00f3n especialment importants en habitatges unifamiliars o edificis antics sense accessos adaptats. Una bona planificaci\u00f3 garanteix funcionalitat i integraci\u00f3 amb l\u2019entorn.<\/p>\n\n\n\n<p><strong>Ascensors i solucions verticals.<\/strong><\/p>\n\n\n\n<p>En habitatges de diverses plantes, la mobilitat vertical pot convertir-se en un repte important amb el pas del temps. Per aix\u00f2, la instal\u00b7laci\u00f3 d\u2019un ascensor dom\u00e8stic o d\u2019altres sistemes d\u2019elevaci\u00f3 \u00e9s una de les millors inversions en accessibilitat i qualitat de vida.<\/p>\n\n\n\n<p>Actualment existeixen diverses solucions adaptades a cada tipus d\u2019habitatge, com els ascensors compactes, les plataformes salvaescales o les cadires elevadores. L\u2019elecci\u00f3 dependr\u00e0 de l\u2019espai disponible i de les necessitats espec\u00edfiques de cada persona. Aquestes instal\u00b7lacions permeten accedir a totes les plantes amb total seguretat i comoditat, evitant limitacions en el dia a dia i fomentant l\u2019autonomia dins la llar.<\/p>\n\n\n\n<p>A Construccions i Reformes Anselm t\u2019assessorem en tot el proc\u00e9s per trobar la millor opci\u00f3, integrant-la de manera funcional i est\u00e8tica en l\u2019habitatge.<\/p>\n\n\n\n<p><strong>Il\u00b7luminaci\u00f3 i tecnologia per millorar l\u2019accessibilitat.<\/strong><\/p>\n\n\n\n<p>La il\u00b7luminaci\u00f3 \u00e9s un element clau en qualsevol reforma accessible. Una bona planificaci\u00f3 lum\u00ednica no nom\u00e9s millora la visibilitat, sin\u00f3 que tamb\u00e9 contribueix a prevenir accidents i a crear espais m\u00e9s segurs i confortables.<\/p>\n\n\n\n<p>Incorporar sistemes d\u2019il\u00b7luminaci\u00f3 amb sensors de moviment permet evitar interrupcions innecess\u00e0ries i facilita el despla\u00e7ament, especialment durant la nit. A m\u00e9s, situar interruptors a una al\u00e7ada accessible i apostar per solucions dom\u00f2tiques pot marcar una gran difer\u00e8ncia en el dia a dia.<\/p>\n\n\n\n<p>La tecnologia aplicada a la llar, com el control de llums, persianes o climatitzaci\u00f3 des de dispositius senzills, ofereix un plus de comoditat i autonomia, especialment per a persones amb mobilitat redu\u00efda. Aquest tipus de millores transformen l\u2019habitatge en un espai m\u00e9s eficient, adaptat i preparat per al futur.<\/p>\n\n\n\n<p><strong>Confia en professionals per a una reforma accessible de qualitat.<\/strong><\/p>\n\n\n\n<p>Si est\u00e0s pensant en adaptar el teu habitatge, comptar amb professionals especialitzats \u00e9s clau per garantir un bon resultat. A Construccions i Reformes Anselm disposem de m\u00e9s de 30 anys d\u2019experi\u00e8ncia en reformes integrals, treballant conjuntament amb arquitectes i interioristes per oferir solucions personalitzades.<\/p>\n\n\n\n<p>Ens encarreguem de tot el proc\u00e9s, des de la planificaci\u00f3 fins a l\u2019execuci\u00f3, assegurant acabats de qualitat, funcionalitat i seguretat en cada projecte. Contacta amb nosaltres i transforma la teva llar en un espai accessible, c\u00f2mode i adaptat a les teves necessitats.<\/p>","protected":false},"excerpt":{"rendered":"<p>L\u2019adaptaci\u00f3 dels habitatges per a persones grans o amb mobilitat redu\u00efda s\u2019ha convertit en una necessitat cada vegada m\u00e9s important. Apostar per reformes accessibles no nom\u00e9s millora la qualitat de vida, sin\u00f3 que tamb\u00e9 incrementa el valor de l\u2019immoble i garanteix seguretat i autonomia dins la llar. En aquest article t\u2019expliquem com fer una reforma&#8230;<\/p>","protected":false},"author":3,"featured_media":8053,"comment_status":"open","ping_status":"open","sticky":false,"template":"","format":"standard","meta":{"footnotes":""},"categories":[1],"tags":[],"class_list":["post-8560","post","type-post","status-publish","format-standard","has-post-thumbnail","hentry","category-sin-categoria"],"yoast_head":"<!-- This site is optimized with the Yoast SEO plugin v25.8 - https:\/\/yoast.com\/wordpress\/plugins\/seo\/ -->\n<title>Reformes accessibles: adaptar habitatges per a persones grans o amb mobilitat redu\u00efda. - Construccions i Reformes Anselm<\/title>\n<meta name=\"robots\" content=\"index, follow, max-snippet:-1, max-image-preview:large, max-video-preview:-1\" \/>\n<link rel=\"canonical\" href=\"https:\/\/www.anselmcr.com\/cast\/article-14-construccions-i-reformes-anselm\/\" \/>\n<meta property=\"og:locale\" content=\"es_ES\" \/>\n<meta property=\"og:type\" content=\"article\" \/>\n<meta property=\"og:title\" content=\"Reformes accessibles: adaptar habitatges per a persones grans o amb mobilitat redu\u00efda. - Construccions i Reformes Anselm\" \/>\n<meta property=\"og:description\" content=\"L\u2019adaptaci\u00f3 dels habitatges per a persones grans o amb mobilitat redu\u00efda s\u2019ha convertit en una necessitat cada vegada m\u00e9s important. Apostar per reformes accessibles no nom\u00e9s millora la qualitat de vida, sin\u00f3 que tamb\u00e9 incrementa el valor de l\u2019immoble i garanteix seguretat i autonomia dins la llar. En aquest article t\u2019expliquem com fer una reforma...\" \/>\n<meta property=\"og:url\" content=\"https:\/\/www.anselmcr.com\/cast\/article-14-construccions-i-reformes-anselm\/\" \/>\n<meta property=\"og:site_name\" content=\"Construccions i Reformes Anselm\" \/>\n<meta property=\"article:publisher\" content=\"https:\/\/www.facebook.com\/ConstruccionsReformesAnselm\/\" \/>\n<meta property=\"article:published_time\" content=\"2026-04-28T13:18:25+00:00\" \/>\n<meta property=\"article:modified_time\" content=\"2026-04-29T14:53:42+00:00\" \/>\n<meta property=\"og:image\" content=\"https:\/\/www.anselmcr.com\/wp-content\/uploads\/2024\/11\/DSC_0731-copy-scaled.jpg\" \/>\n\t<meta property=\"og:image:width\" content=\"2048\" \/>\n\t<meta property=\"og:image:height\" content=\"2560\" \/>\n\t<meta property=\"og:image:type\" content=\"image\/jpeg\" \/>\n<meta name=\"author\" content=\"focus\" \/>\n<meta name=\"twitter:card\" content=\"summary_large_image\" \/>\n<meta name=\"twitter:label1\" content=\"Escrito por\" \/>\n\t<meta name=\"twitter:data1\" content=\"focus\" \/>\n\t<meta name=\"twitter:label2\" content=\"Tiempo de lectura\" \/>\n\t<meta name=\"twitter:data2\" content=\"4 minutos\" \/>\n<script type=\"application\/ld+json\" class=\"yoast-schema-graph\">{\"@context\":\"https:\/\/schema.org\",\"@graph\":[{\"@type\":\"Article\",\"@id\":\"https:\/\/www.anselmcr.com\/article-14-construccions-i-reformes-anselm\/#article\",\"isPartOf\":{\"@id\":\"https:\/\/www.anselmcr.com\/article-14-construccions-i-reformes-anselm\/\"},\"author\":{\"name\":\"focus\",\"@id\":\"https:\/\/www.anselmcr.com\/#\/schema\/person\/b621ce59d796368e2c7802d3e40e27c0\"},\"headline\":\"Reformes accessibles: adaptar habitatges per a persones grans o amb mobilitat redu\u00efda.\",\"datePublished\":\"2026-04-28T13:18:25+00:00\",\"dateModified\":\"2026-04-29T14:53:42+00:00\",\"mainEntityOfPage\":{\"@id\":\"https:\/\/www.anselmcr.com\/article-14-construccions-i-reformes-anselm\/\"},\"wordCount\":902,\"commentCount\":0,\"publisher\":{\"@id\":\"https:\/\/www.anselmcr.com\/#organization\"},\"image\":{\"@id\":\"https:\/\/www.anselmcr.com\/article-14-construccions-i-reformes-anselm\/#primaryimage\"},\"thumbnailUrl\":\"https:\/\/www.anselmcr.com\/wp-content\/uploads\/2024\/11\/DSC_0731-copy-scaled.jpg\",\"inLanguage\":\"es\",\"potentialAction\":[{\"@type\":\"CommentAction\",\"name\":\"Comment\",\"target\":[\"https:\/\/www.anselmcr.com\/article-14-construccions-i-reformes-anselm\/#respond\"]}]},{\"@type\":\"WebPage\",\"@id\":\"https:\/\/www.anselmcr.com\/article-14-construccions-i-reformes-anselm\/\",\"url\":\"https:\/\/www.anselmcr.com\/article-14-construccions-i-reformes-anselm\/\",\"name\":\"Reformes accessibles: adaptar habitatges per a persones grans o amb mobilitat redu\u00efda. - Construccions i Reformes Anselm\",\"isPartOf\":{\"@id\":\"https:\/\/www.anselmcr.com\/#website\"},\"primaryImageOfPage\":{\"@id\":\"https:\/\/www.anselmcr.com\/article-14-construccions-i-reformes-anselm\/#primaryimage\"},\"image\":{\"@id\":\"https:\/\/www.anselmcr.com\/article-14-construccions-i-reformes-anselm\/#primaryimage\"},\"thumbnailUrl\":\"https:\/\/www.anselmcr.com\/wp-content\/uploads\/2024\/11\/DSC_0731-copy-scaled.jpg\",\"datePublished\":\"2026-04-28T13:18:25+00:00\",\"dateModified\":\"2026-04-29T14:53:42+00:00\",\"breadcrumb\":{\"@id\":\"https:\/\/www.anselmcr.com\/article-14-construccions-i-reformes-anselm\/#breadcrumb\"},\"inLanguage\":\"es\",\"potentialAction\":[{\"@type\":\"ReadAction\",\"target\":[\"https:\/\/www.anselmcr.com\/article-14-construccions-i-reformes-anselm\/\"]}]},{\"@type\":\"ImageObject\",\"inLanguage\":\"es\",\"@id\":\"https:\/\/www.anselmcr.com\/article-14-construccions-i-reformes-anselm\/#primaryimage\",\"url\":\"https:\/\/www.anselmcr.com\/wp-content\/uploads\/2024\/11\/DSC_0731-copy-scaled.jpg\",\"contentUrl\":\"https:\/\/www.anselmcr.com\/wp-content\/uploads\/2024\/11\/DSC_0731-copy-scaled.jpg\",\"width\":2048,\"height\":2560},{\"@type\":\"BreadcrumbList\",\"@id\":\"https:\/\/www.anselmcr.com\/article-14-construccions-i-reformes-anselm\/#breadcrumb\",\"itemListElement\":[{\"@type\":\"ListItem\",\"position\":1,\"name\":\"Portada\",\"item\":\"https:\/\/www.anselmcr.com\/\"},{\"@type\":\"ListItem\",\"position\":2,\"name\":\"Reformes accessibles: adaptar habitatges per a persones grans o amb mobilitat redu\u00efda.\"}]},{\"@type\":\"WebSite\",\"@id\":\"https:\/\/www.anselmcr.com\/#website\",\"url\":\"https:\/\/www.anselmcr.com\/\",\"name\":\"Construccions i Reformes Anselm\",\"description\":\"\",\"publisher\":{\"@id\":\"https:\/\/www.anselmcr.com\/#organization\"},\"potentialAction\":[{\"@type\":\"SearchAction\",\"target\":{\"@type\":\"EntryPoint\",\"urlTemplate\":\"https:\/\/www.anselmcr.com\/?s={search_term_string}\"},\"query-input\":{\"@type\":\"PropertyValueSpecification\",\"valueRequired\":true,\"valueName\":\"search_term_string\"}}],\"inLanguage\":\"es\"},{\"@type\":\"Organization\",\"@id\":\"https:\/\/www.anselmcr.com\/#organization\",\"name\":\"Construccions i Reformes Anselm\",\"url\":\"https:\/\/www.anselmcr.com\/\",\"logo\":{\"@type\":\"ImageObject\",\"inLanguage\":\"es\",\"@id\":\"https:\/\/www.anselmcr.com\/#\/schema\/logo\/image\/\",\"url\":\"https:\/\/www.anselmcr.com\/wp-content\/uploads\/2023\/09\/Anselm-logo-sombra.png\",\"contentUrl\":\"https:\/\/www.anselmcr.com\/wp-content\/uploads\/2023\/09\/Anselm-logo-sombra.png\",\"width\":1420,\"height\":623,\"caption\":\"Construccions i Reformes Anselm\"},\"image\":{\"@id\":\"https:\/\/www.anselmcr.com\/#\/schema\/logo\/image\/\"},\"sameAs\":[\"https:\/\/www.facebook.com\/ConstruccionsReformesAnselm\/\",\"https:\/\/www.instagram.com\/construccionsanselm\/\"]},{\"@type\":\"Person\",\"@id\":\"https:\/\/www.anselmcr.com\/#\/schema\/person\/b621ce59d796368e2c7802d3e40e27c0\",\"name\":\"focus\",\"image\":{\"@type\":\"ImageObject\",\"inLanguage\":\"es\",\"@id\":\"https:\/\/www.anselmcr.com\/#\/schema\/person\/image\/\",\"url\":\"https:\/\/secure.gravatar.com\/avatar\/76d30c9f274847d4fa15b1d057b48317c96c8a20d3048c130fbf8cc763b25d97?s=96&d=mm&r=g\",\"contentUrl\":\"https:\/\/secure.gravatar.com\/avatar\/76d30c9f274847d4fa15b1d057b48317c96c8a20d3048c130fbf8cc763b25d97?s=96&d=mm&r=g\",\"caption\":\"focus\"},\"url\":\"https:\/\/www.anselmcr.com\/cast\/author\/focus\/\"}]}<\/script>\n<!-- \/ Yoast SEO plugin. -->","yoast_head_json":{"title":"Reformes accessibles: adaptar habitatges per a persones grans o amb mobilitat redu\u00efda. - Construccions i Reformes Anselm","robots":{"index":"index","follow":"follow","max-snippet":"max-snippet:-1","max-image-preview":"max-image-preview:large","max-video-preview":"max-video-preview:-1"},"canonical":"https:\/\/www.anselmcr.com\/cast\/article-14-construccions-i-reformes-anselm\/","og_locale":"es_ES","og_type":"article","og_title":"Reformes accessibles: adaptar habitatges per a persones grans o amb mobilitat redu\u00efda. - Construccions i Reformes Anselm","og_description":"L\u2019adaptaci\u00f3 dels habitatges per a persones grans o amb mobilitat redu\u00efda s\u2019ha convertit en una necessitat cada vegada m\u00e9s important. Apostar per reformes accessibles no nom\u00e9s millora la qualitat de vida, sin\u00f3 que tamb\u00e9 incrementa el valor de l\u2019immoble i garanteix seguretat i autonomia dins la llar. En aquest article t\u2019expliquem com fer una reforma...","og_url":"https:\/\/www.anselmcr.com\/cast\/article-14-construccions-i-reformes-anselm\/","og_site_name":"Construccions i Reformes Anselm","article_publisher":"https:\/\/www.facebook.com\/ConstruccionsReformesAnselm\/","article_published_time":"2026-04-28T13:18:25+00:00","article_modified_time":"2026-04-29T14:53:42+00:00","og_image":[{"width":2048,"height":2560,"url":"https:\/\/www.anselmcr.com\/wp-content\/uploads\/2024\/11\/DSC_0731-copy-scaled.jpg","type":"image\/jpeg"}],"author":"focus","twitter_card":"summary_large_image","twitter_misc":{"Escrito por":"focus","Tiempo de lectura":"4 minutos"},"schema":{"@context":"https:\/\/schema.org","@graph":[{"@type":"Article","@id":"https:\/\/www.anselmcr.com\/article-14-construccions-i-reformes-anselm\/#article","isPartOf":{"@id":"https:\/\/www.anselmcr.com\/article-14-construccions-i-reformes-anselm\/"},"author":{"name":"focus","@id":"https:\/\/www.anselmcr.com\/#\/schema\/person\/b621ce59d796368e2c7802d3e40e27c0"},"headline":"Reformes accessibles: adaptar habitatges per a persones grans o amb mobilitat redu\u00efda.","datePublished":"2026-04-28T13:18:25+00:00","dateModified":"2026-04-29T14:53:42+00:00","mainEntityOfPage":{"@id":"https:\/\/www.anselmcr.com\/article-14-construccions-i-reformes-anselm\/"},"wordCount":902,"commentCount":0,"publisher":{"@id":"https:\/\/www.anselmcr.com\/#organization"},"image":{"@id":"https:\/\/www.anselmcr.com\/article-14-construccions-i-reformes-anselm\/#primaryimage"},"thumbnailUrl":"https:\/\/www.anselmcr.com\/wp-content\/uploads\/2024\/11\/DSC_0731-copy-scaled.jpg","inLanguage":"es","potentialAction":[{"@type":"CommentAction","name":"Comment","target":["https:\/\/www.anselmcr.com\/article-14-construccions-i-reformes-anselm\/#respond"]}]},{"@type":"WebPage","@id":"https:\/\/www.anselmcr.com\/article-14-construccions-i-reformes-anselm\/","url":"https:\/\/www.anselmcr.com\/article-14-construccions-i-reformes-anselm\/","name":"Reformes accessibles: adaptar habitatges per a persones grans o amb mobilitat redu\u00efda. - Construccions i Reformes Anselm","isPartOf":{"@id":"https:\/\/www.anselmcr.com\/#website"},"primaryImageOfPage":{"@id":"https:\/\/www.anselmcr.com\/article-14-construccions-i-reformes-anselm\/#primaryimage"},"image":{"@id":"https:\/\/www.anselmcr.com\/article-14-construccions-i-reformes-anselm\/#primaryimage"},"thumbnailUrl":"https:\/\/www.anselmcr.com\/wp-content\/uploads\/2024\/11\/DSC_0731-copy-scaled.jpg","datePublished":"2026-04-28T13:18:25+00:00","dateModified":"2026-04-29T14:53:42+00:00","breadcrumb":{"@id":"https:\/\/www.anselmcr.com\/article-14-construccions-i-reformes-anselm\/#breadcrumb"},"inLanguage":"es","potentialAction":[{"@type":"ReadAction","target":["https:\/\/www.anselmcr.com\/article-14-construccions-i-reformes-anselm\/"]}]},{"@type":"ImageObject","inLanguage":"es","@id":"https:\/\/www.anselmcr.com\/article-14-construccions-i-reformes-anselm\/#primaryimage","url":"https:\/\/www.anselmcr.com\/wp-content\/uploads\/2024\/11\/DSC_0731-copy-scaled.jpg","contentUrl":"https:\/\/www.anselmcr.com\/wp-content\/uploads\/2024\/11\/DSC_0731-copy-scaled.jpg","width":2048,"height":2560},{"@type":"BreadcrumbList","@id":"https:\/\/www.anselmcr.com\/article-14-construccions-i-reformes-anselm\/#breadcrumb","itemListElement":[{"@type":"ListItem","position":1,"name":"Portada","item":"https:\/\/www.anselmcr.com\/"},{"@type":"ListItem","position":2,"name":"Reformes accessibles: adaptar habitatges per a persones grans o amb mobilitat redu\u00efda."}]},{"@type":"WebSite","@id":"https:\/\/www.anselmcr.com\/#website","url":"https:\/\/www.anselmcr.com\/","name":"Construcciones y Reformas Anselm","description":"","publisher":{"@id":"https:\/\/www.anselmcr.com\/#organization"},"potentialAction":[{"@type":"SearchAction","target":{"@type":"EntryPoint","urlTemplate":"https:\/\/www.anselmcr.com\/?s={search_term_string}"},"query-input":{"@type":"PropertyValueSpecification","valueRequired":true,"valueName":"search_term_string"}}],"inLanguage":"es"},{"@type":"Organization","@id":"https:\/\/www.anselmcr.com\/#organization","name":"Construcciones y Reformas Anselm","url":"https:\/\/www.anselmcr.com\/","logo":{"@type":"ImageObject","inLanguage":"es","@id":"https:\/\/www.anselmcr.com\/#\/schema\/logo\/image\/","url":"https:\/\/www.anselmcr.com\/wp-content\/uploads\/2023\/09\/Anselm-logo-sombra.png","contentUrl":"https:\/\/www.anselmcr.com\/wp-content\/uploads\/2023\/09\/Anselm-logo-sombra.png","width":1420,"height":623,"caption":"Construccions i Reformes Anselm"},"image":{"@id":"https:\/\/www.anselmcr.com\/#\/schema\/logo\/image\/"},"sameAs":["https:\/\/www.facebook.com\/ConstruccionsReformesAnselm\/","https:\/\/www.instagram.com\/construccionsanselm\/"]},{"@type":"Person","@id":"https:\/\/www.anselmcr.com\/#\/schema\/person\/b621ce59d796368e2c7802d3e40e27c0","name":"focus","image":{"@type":"ImageObject","inLanguage":"es","@id":"https:\/\/www.anselmcr.com\/#\/schema\/person\/image\/","url":"https:\/\/secure.gravatar.com\/avatar\/76d30c9f274847d4fa15b1d057b48317c96c8a20d3048c130fbf8cc763b25d97?s=96&d=mm&r=g","contentUrl":"https:\/\/secure.gravatar.com\/avatar\/76d30c9f274847d4fa15b1d057b48317c96c8a20d3048c130fbf8cc763b25d97?s=96&d=mm&r=g","caption":"focus"},"url":"https:\/\/www.anselmcr.com\/cast\/author\/focus\/"}]}},"_links":{"self":[{"href":"https:\/\/www.anselmcr.com\/cast\/wp-json\/wp\/v2\/posts\/8560","targetHints":{"allow":["GET"]}}],"collection":[{"href":"https:\/\/www.anselmcr.com\/cast\/wp-json\/wp\/v2\/posts"}],"about":[{"href":"https:\/\/www.anselmcr.com\/cast\/wp-json\/wp\/v2\/types\/post"}],"author":[{"embeddable":true,"href":"https:\/\/www.anselmcr.com\/cast\/wp-json\/wp\/v2\/users\/3"}],"replies":[{"embeddable":true,"href":"https:\/\/www.anselmcr.com\/cast\/wp-json\/wp\/v2\/comments?post=8560"}],"version-history":[{"count":2,"href":"https:\/\/www.anselmcr.com\/cast\/wp-json\/wp\/v2\/posts\/8560\/revisions"}],"predecessor-version":[{"id":8562,"href":"https:\/\/www.anselmcr.com\/cast\/wp-json\/wp\/v2\/posts\/8560\/revisions\/8562"}],"wp:featuredmedia":[{"embeddable":true,"href":"https:\/\/www.anselmcr.com\/cast\/wp-json\/wp\/v2\/media\/8053"}],"wp:attachment":[{"href":"https:\/\/www.anselmcr.com\/cast\/wp-json\/wp\/v2\/media?parent=8560"}],"wp:term":[{"taxonomy":"category","embeddable":true,"href":"https:\/\/www.anselmcr.com\/cast\/wp-json\/wp\/v2\/categories?post=8560"},{"taxonomy":"post_tag","embeddable":true,"href":"https:\/\/www.anselmcr.com\/cast\/wp-json\/wp\/v2\/tags?post=8560"}],"curies":[{"name":"wp","href":"https:\/\/api.w.org\/{rel}","templated":true}]}}